{"id":1562,"date":"2020-02-06T15:44:05","date_gmt":"2020-02-06T13:44:05","guid":{"rendered":"https:\/\/vfl-zehlendorf.de\/?p=1562"},"modified":"2026-04-16T16:43:56","modified_gmt":"2026-04-16T14:43:56","slug":"wir-trauern-um-waldtraut-rieck","status":"publish","type":"post","link":"https:\/\/vfl-zehlendorf.de\/geschaeftsstelle\/wir-trauern-um-waldtraut-rieck\/","title":{"rendered":"Wir trauern um Waldtraut Rieck"},"content":{"rendered":"<p>Liebe Waldtraut Rieck,<\/p>\n<p><img loading=\"lazy\" decoding=\"async\" class=\"size-medium wp-image-1563 alignright\" src=\"https:\/\/vfl-zehlendorf.de\/umbau\/wp-content\/uploads\/2020\/02\/Waldtraut-Rieck-187x300.jpg\" alt=\"\" width=\"187\" height=\"300\" srcset=\"https:\/\/vfl-zehlendorf.de\/wp-content\/uploads\/2020\/02\/Waldtraut-Rieck-187x300.jpg 187w, https:\/\/vfl-zehlendorf.de\/wp-content\/uploads\/2020\/02\/Waldtraut-Rieck.jpg 399w\" sizes=\"auto, (max-width: 187px) 100vw, 187px\" \/><\/p>\n<p>wir bedauern, dass du nicht mehr in unserer Mitte verweilst. Mit deiner vielen Phantasie hast du die Kinder motiviert, sich zu bewegen und so spielerisch erreicht, dass sie \u00fcber sich hinauswachsen konnten. Bei dir haben sie gelernt, was es bedeutet in einer Gruppe zu turnen. So konnten sie f\u00fcr sich R\u00fccksicht und Respekt entwickeln.<\/p>\n<p>Deine Willensst\u00e4rke und die damit verbundene Selbstdisziplin waren ein gro\u00dfes Vorbild. Du gabst den Kindern die Sicherheit, es zu schaffen anstatt zu hadern oder aufzugeben.<\/p>\n<p>Dein Einsatz war ausdauernd. Du hast \u00fcber sehr viele Jahre die Kinderturnstunden gegeben. Viele Mitglieder erinnern sich noch wie sie erst als Kind bei dir geturnt haben und dann sp\u00e4ter als Elternteil mit ihrem eigenen Kind wieder gekommen sind. Gro\u00df und Klein gedenken deiner. Und immer wenn wir eine Turnhalle betreten, werden wir daran erinnert, wie sch\u00f6n die Turnstunden bei dir waren. Daf\u00fcr m\u00f6chten wir dir herzlich danken.<\/p>\n<p>Deine gro\u00dfen und kleinen Teilnehmer*Innen, \u00dcbungsleiter und Kolleg*Innen,\u00a0 Deine Gesch\u00e4ftsstelle und Dein Vereinsvorstand vom VfL Zehlendorf.<\/p>\n","protected":false},"excerpt":{"rendered":"<p>Liebe Waldtraut Rieck, wir bedauern, dass du nicht mehr in unserer Mitte verweilst. Mit deiner vielen Phantasie hast du die Kinder motiviert, sich zu bewegen und so spielerisch erreicht, dass sie \u00fcber sich hinauswachsen konnten. Bei dir haben sie gelernt, was es bedeutet in einer Gruppe zu turnen. So konnten sie f\u00fcr sich R\u00fccksicht und [&hellip;]<\/p>\n","protected":false},"author":6,"featured_media":0,"comment_status":"closed","ping_status":"open","sticky":false,"template":"","format":"standard","meta":{"_acf_changed":false,"site-sidebar-layout":"default","site-content-layout":"","ast-site-content-layout":"default","site-content-style":"default","site-sidebar-style":"default","ast-global-header-display":"","ast-banner-title-visibility":"","ast-main-header-display":"","ast-hfb-above-header-display":"","ast-hfb-below-header-display":"","ast-hfb-mobile-header-display":"","site-post-title":"","ast-breadcrumbs-content":"","ast-featured-img":"","footer-sml-layout":"","ast-disable-related-posts":"","theme-transparent-header-meta":"","adv-header-id-meta":"","stick-header-meta":"","header-above-stick-meta":"","header-main-stick-meta":"","header-below-stick-meta":"","astra-migrate-meta-layouts":"default","ast-page-background-enabled":"default","ast-page-background-meta":{"desktop":{"background-color":"var(--ast-global-color-5)","background-image":"","background-repeat":"repeat","background-position":"center center","background-size":"auto","background-attachment":"scroll","background-type":"","background-media":"","overlay-type":"","overlay-color":"","overlay-opacity":"","overlay-gradient":""},"tablet":{"background-color":"","background-image":"","background-repeat":"repeat","background-position":"center center","background-size":"auto","background-attachment":"scroll","background-type":"","background-media":"","overlay-type":"","overlay-color":"","overlay-opacity":"","overlay-gradient":""},"mobile":{"background-color":"","background-image":"","background-repeat":"repeat","background-position":"center center","background-size":"auto","background-attachment":"scroll","background-type":"","background-media":"","overlay-type":"","overlay-color":"","overlay-opacity":"","overlay-gradient":""}},"ast-content-background-meta":{"desktop":{"background-color":"var(--ast-global-color-4)","background-image":"","background-repeat":"repeat","background-position":"center center","background-size":"auto","background-attachment":"scroll","background-type":"","background-media":"","overlay-type":"","overlay-color":"","overlay-opacity":"","overlay-gradient":""},"tablet":{"background-color":"var(--ast-global-color-4)","background-image":"","background-repeat":"repeat","background-position":"center center","background-size":"auto","background-attachment":"scroll","background-type":"","background-media":"","overlay-type":"","overlay-color":"","overlay-opacity":"","overlay-gradient":""},"mobile":{"background-color":"var(--ast-global-color-4)","background-image":"","background-repeat":"repeat","background-position":"center center","background-size":"auto","background-attachment":"scroll","background-type":"","background-media":"","overlay-type":"","overlay-color":"","overlay-opacity":"","overlay-gradient":""}},"_jetpack_memberships_contains_paid_content":false,"footnotes":"","_links_to":"","_links_to_target":""},"categories":[3,6,5,4],"tags":[],"class_list":["post-1562","post","type-post","status-publish","format-standard","hentry","category-geschaeftsstelle","category-judo","category-schwimmen","category-turnen"],"acf":[],"jetpack_featured_media_url":"","jetpack_sharing_enabled":true,"publishpress_future_action":{"enabled":false,"date":"2026-05-07 11:10:41","action":"change-status","newStatus":"draft","terms":[],"taxonomy":"category","extraData":[]},"publishpress_future_workflow_manual_trigger":{"enabledWorkflows":[]},"_links":{"self":[{"href":"https:\/\/vfl-zehlendorf.de\/wp-json\/wp\/v2\/posts\/1562","targetHints":{"allow":["GET"]}}],"collection":[{"href":"https:\/\/vfl-zehlendorf.de\/wp-json\/wp\/v2\/posts"}],"about":[{"href":"https:\/\/vfl-zehlendorf.de\/wp-json\/wp\/v2\/types\/post"}],"author":[{"embeddable":true,"href":"https:\/\/vfl-zehlendorf.de\/wp-json\/wp\/v2\/users\/6"}],"replies":[{"embeddable":true,"href":"https:\/\/vfl-zehlendorf.de\/wp-json\/wp\/v2\/comments?post=1562"}],"version-history":[{"count":1,"href":"https:\/\/vfl-zehlendorf.de\/wp-json\/wp\/v2\/posts\/1562\/revisions"}],"predecessor-version":[{"id":1564,"href":"https:\/\/vfl-zehlendorf.de\/wp-json\/wp\/v2\/posts\/1562\/revisions\/1564"}],"wp:attachment":[{"href":"https:\/\/vfl-zehlendorf.de\/wp-json\/wp\/v2\/media?parent=1562"}],"wp:term":[{"taxonomy":"category","embeddable":true,"href":"https:\/\/vfl-zehlendorf.de\/wp-json\/wp\/v2\/categories?post=1562"},{"taxonomy":"post_tag","embeddable":true,"href":"https:\/\/vfl-zehlendorf.de\/wp-json\/wp\/v2\/tags?post=1562"}],"curies":[{"name":"wp","href":"https:\/\/api.w.org\/{rel}","templated":true}]}}