{"id":3542,"date":"2025-06-20T15:38:52","date_gmt":"2025-06-20T13:38:52","guid":{"rendered":"https:\/\/vfl-zehlendorf.de\/?p=3542"},"modified":"2026-04-16T16:44:58","modified_gmt":"2026-04-16T14:44:58","slug":"harvey-halter-ist-deutscher-meister-und-braucht-jetzt-unsere-stimme","status":"publish","type":"post","link":"https:\/\/vfl-zehlendorf.de\/turnen\/harvey-halter-ist-deutscher-meister-und-braucht-jetzt-unsere-stimme\/","title":{"rendered":"Harvey Halter ist Deutscher Meister \u2013 und braucht jetzt unsere Stimme!"},"content":{"rendered":"<h3 data-start=\"181\" data-end=\"259\"><strong data-start=\"185\" data-end=\"259\">Harvey Halter ist Deutscher Meister \u2013 und braucht jetzt unsere Stimme!<\/strong><\/h3>\n<p data-start=\"261\" data-end=\"628\">Gro\u00dfer Erfolg f\u00fcr den VfL Zehlendorf: Unser Turner <strong data-start=\"312\" data-end=\"329\">Harvey Halter<\/strong> hat bei den <strong data-start=\"342\" data-end=\"386\">Deutschen Meisterschaften im Ger\u00e4tturnen<\/strong> in Leipzig die <strong data-start=\"402\" data-end=\"435\">Goldmedaille am Pauschenpferd<\/strong> gewonnen! Mit einer technisch anspruchsvollen und sauber geturnten \u00dcbung sicherte sich der 12-J\u00e4hrige stolze <strong data-start=\"545\" data-end=\"560\">12,6 Punkte<\/strong> und damit den <strong data-start=\"575\" data-end=\"601\">Deutschen Meistertitel<\/strong> in der Altersklasse 13\/14.<\/p>\n<p data-start=\"630\" data-end=\"853\">Doch damit nicht genug: Bereits zwei Wochen zuvor holte Harvey beim <strong data-start=\"698\" data-end=\"733\">Internationalen Junior Team Cup<\/strong> in Berlin \u2013 gegen Teilnehmer aus 18 Nationen \u2013 seine erste <strong data-start=\"793\" data-end=\"824\">internationale Goldmedaille<\/strong>, ebenfalls am Pauschenpferd.<\/p>\n<p data-start=\"855\" data-end=\"987\">F\u00fcr diese herausragenden Leistungen ist Harvey nun vom <strong data-start=\"910\" data-end=\"977\">Berliner Sportbund als \u201eNachwuchssportler des Monats\u201c nominiert<\/strong> worden.<\/p>\n<p data-start=\"855\" data-end=\"987\"><img loading=\"lazy\" decoding=\"async\" class=\"alignleft  wp-image-3543\" src=\"https:\/\/vfl-zehlendorf.de\/umbau\/wp-content\/uploads\/2025\/06\/Harvey-Halter-1-150x150.jpg\" alt=\"\" width=\"275\" height=\"275\" \/> <img loading=\"lazy\" decoding=\"async\" class=\"alignleft  wp-image-3544\" src=\"https:\/\/vfl-zehlendorf.de\/umbau\/wp-content\/uploads\/2025\/06\/Harvey-Halter-2-150x150.jpg\" alt=\"\" width=\"275\" height=\"275\" \/><\/p>\n<h3 data-start=\"994\" data-end=\"1045\">&#x1f5f3; Jetzt abstimmen \u2013 <strong data-start=\"1019\" data-end=\"1045\">noch bis zum 30. Juni!<\/strong><\/h3>\n<p data-start=\"1047\" data-end=\"1350\">Unterst\u00fctzt Harvey und zeigt, was unser Verein kann:<br data-start=\"1099\" data-end=\"1102\" \/>&#x27a1;&#xfe0f; <strong data-start=\"1105\" data-end=\"1124\">Zur Abstimmung:<\/strong> <a class=\"\" href=\"https:\/\/berlin-sport.de\/nachwuchssportler-des-monats\/\" target=\"_new\" rel=\"noopener\" data-start=\"1125\" data-end=\"1235\">https:\/\/berlin-sport.de\/nachwuchssportler-des-monats\/<\/a><br data-start=\"1235\" data-end=\"1238\" \/>&#x2705; Harvey ausw\u00e4hlen<br data-start=\"1256\" data-end=\"1259\" \/>&#x270d;&#xfe0f; Name und E-Mail-Adresse eintragen<br data-start=\"1295\" data-end=\"1298\" \/>&#x1f4e9; Link in der Best\u00e4tigungs-Mail anklicken \u2013 fertig!<\/p>\n<p data-start=\"1352\" data-end=\"1420\">&#x1f553; <strong data-start=\"1355\" data-end=\"1420\">Wichtig: Die Abstimmung l\u00e4uft nur noch bis zum 30. Juni 2025!<\/strong><\/p>\n<p data-start=\"1422\" data-end=\"1608\">Mit eurer Hilfe kann Harvey \u201eNachwuchssportler des Monats\u201c werden \u2013 ein Titel, der nicht nur ihn ehrt, sondern auch die gro\u00dfartige Nachwuchsarbeit beim <strong data-start=\"1574\" data-end=\"1592\">VfL Zehlendorf<\/strong> sichtbar macht.<\/p>\n<hr data-start=\"1610\" data-end=\"1613\" \/>\n<h3 data-start=\"1615\" data-end=\"1648\"><strong data-start=\"1619\" data-end=\"1648\">Harveys Weg an die Spitze<\/strong><\/h3>\n<p data-start=\"1650\" data-end=\"1990\">Harvey begann seine Turnkarriere 2016 im Alter von nur vier Jahren in der Trainingsgruppe von <strong data-start=\"1744\" data-end=\"1759\">Maria Gavra<\/strong>. Sp\u00e4ter wechselte er in die leistungsorientierte Gruppe von <strong data-start=\"1820\" data-end=\"1837\">Sascha Werner<\/strong>. Seit 2020 trainiert er am <strong data-start=\"1865\" data-end=\"1902\">Bundesst\u00fctzpunkt Hohensch\u00f6nhausen<\/strong> unter der Leitung von <strong data-start=\"1925\" data-end=\"1940\">Walid Hacib<\/strong>, selbst erfolgreicher Pauschenpferd-Spezialist.<\/p>\n<p data-start=\"1992\" data-end=\"2134\">Trotz Bundesst\u00fctzpunkt bleibt Harvey dem <strong data-start=\"2033\" data-end=\"2056\">VfL Zehlendorf treu<\/strong> und startet bei Wettk\u00e4mpfen weiterhin f\u00fcr unseren Verein \u2013 mit gro\u00dfem Erfolg!<\/p>\n<hr data-start=\"2136\" data-end=\"2139\" \/>\n<h3 data-start=\"2141\" data-end=\"2168\">Was kommt als N\u00e4chstes?<\/h3>\n<p data-start=\"2170\" data-end=\"2375\">Auch in der <strong data-start=\"2182\" data-end=\"2206\">Nachwuchs-Bundesliga<\/strong> ist Harvey mit dem Turnteam Berlin\/Halle auf Finalkurs. Beim <strong data-start=\"2268\" data-end=\"2303\">Deutschland-Pokal in Heidelberg<\/strong> wird er im Einzel und mit der Mannschaft als Titelverteidiger antreten.<\/p>\n<hr data-start=\"2377\" data-end=\"2380\" \/>\n<h3 data-start=\"2382\" data-end=\"2437\">&#x1f499; Gemeinsam f\u00fcr Harvey \u2013 gemeinsam f\u00fcr den Verein!<\/h3>\n<p data-start=\"2439\" data-end=\"2601\">Wir sind stolz auf Harvey \u2013 und auf die vielen engagierten Menschen, die solche Erfolge m\u00f6glich machen.<br data-start=\"2542\" data-end=\"2545\" \/><strong data-start=\"2545\" data-end=\"2601\">Jetzt abstimmen und weitersagen \u2013 jede Stimme z\u00e4hlt!<\/strong><\/p>\n","protected":false},"excerpt":{"rendered":"<p>Harvey Halter ist Deutscher Meister \u2013 und braucht jetzt unsere Stimme! Gro\u00dfer Erfolg f\u00fcr den VfL Zehlendorf: Unser Turner Harvey Halter hat bei den Deutschen Meisterschaften im Ger\u00e4tturnen in Leipzig die Goldmedaille am Pauschenpferd gewonnen! Mit einer technisch anspruchsvollen und sauber geturnten \u00dcbung sicherte sich der 12-J\u00e4hrige stolze 12,6 Punkte und damit den Deutschen Meistertitel [&hellip;]<\/p>\n","protected":false},"author":7,"featured_media":0,"comment_status":"closed","ping_status":"open","sticky":false,"template":"","format":"standard","meta":{"_acf_changed":false,"site-sidebar-layout":"default","site-content-layout":"","ast-site-content-layout":"default","site-content-style":"default","site-sidebar-style":"default","ast-global-header-display":"","ast-banner-title-visibility":"","ast-main-header-display":"","ast-hfb-above-header-display":"","ast-hfb-below-header-display":"","ast-hfb-mobile-header-display":"","site-post-title":"","ast-breadcrumbs-content":"","ast-featured-img":"","footer-sml-layout":"","ast-disable-related-posts":"","theme-transparent-header-meta":"","adv-header-id-meta":"","stick-header-meta":"","header-above-stick-meta":"","header-main-stick-meta":"","header-below-stick-meta":"","astra-migrate-meta-layouts":"default","ast-page-background-enabled":"default","ast-page-background-meta":{"desktop":{"background-color":"var(--ast-global-color-5)","background-image":"","background-repeat":"repeat","background-position":"center center","background-size":"auto","background-attachment":"scroll","background-type":"","background-media":"","overlay-type":"","overlay-color":"","overlay-opacity":"","overlay-gradient":""},"tablet":{"background-color":"","background-image":"","background-repeat":"repeat","background-position":"center center","background-size":"auto","background-attachment":"scroll","background-type":"","background-media":"","overlay-type":"","overlay-color":"","overlay-opacity":"","overlay-gradient":""},"mobile":{"background-color":"","background-image":"","background-repeat":"repeat","background-position":"center center","background-size":"auto","background-attachment":"scroll","background-type":"","background-media":"","overlay-type":"","overlay-color":"","overlay-opacity":"","overlay-gradient":""}},"ast-content-background-meta":{"desktop":{"background-color":"var(--ast-global-color-4)","background-image":"","background-repeat":"repeat","background-position":"center center","background-size":"auto","background-attachment":"scroll","background-type":"","background-media":"","overlay-type":"","overlay-color":"","overlay-opacity":"","overlay-gradient":""},"tablet":{"background-color":"var(--ast-global-color-4)","background-image":"","background-repeat":"repeat","background-position":"center center","background-size":"auto","background-attachment":"scroll","background-type":"","background-media":"","overlay-type":"","overlay-color":"","overlay-opacity":"","overlay-gradient":""},"mobile":{"background-color":"var(--ast-global-color-4)","background-image":"","background-repeat":"repeat","background-position":"center center","background-size":"auto","background-attachment":"scroll","background-type":"","background-media":"","overlay-type":"","overlay-color":"","overlay-opacity":"","overlay-gradient":""}},"_jetpack_memberships_contains_paid_content":false,"footnotes":"","_links_to":"","_links_to_target":""},"categories":[4],"tags":[],"class_list":["post-3542","post","type-post","status-publish","format-standard","hentry","category-turnen"],"acf":[],"jetpack_featured_media_url":"","jetpack_sharing_enabled":true,"publishpress_future_action":{"enabled":false,"date":"2026-05-08 04:07:52","action":"change-status","newStatus":"draft","terms":[],"taxonomy":"category","extraData":[]},"publishpress_future_workflow_manual_trigger":{"enabledWorkflows":[]},"_links":{"self":[{"href":"https:\/\/vfl-zehlendorf.de\/wp-json\/wp\/v2\/posts\/3542","targetHints":{"allow":["GET"]}}],"collection":[{"href":"https:\/\/vfl-zehlendorf.de\/wp-json\/wp\/v2\/posts"}],"about":[{"href":"https:\/\/vfl-zehlendorf.de\/wp-json\/wp\/v2\/types\/post"}],"author":[{"embeddable":true,"href":"https:\/\/vfl-zehlendorf.de\/wp-json\/wp\/v2\/users\/7"}],"replies":[{"embeddable":true,"href":"https:\/\/vfl-zehlendorf.de\/wp-json\/wp\/v2\/comments?post=3542"}],"version-history":[{"count":2,"href":"https:\/\/vfl-zehlendorf.de\/wp-json\/wp\/v2\/posts\/3542\/revisions"}],"predecessor-version":[{"id":3546,"href":"https:\/\/vfl-zehlendorf.de\/wp-json\/wp\/v2\/posts\/3542\/revisions\/3546"}],"wp:attachment":[{"href":"https:\/\/vfl-zehlendorf.de\/wp-json\/wp\/v2\/media?parent=3542"}],"wp:term":[{"taxonomy":"category","embeddable":true,"href":"https:\/\/vfl-zehlendorf.de\/wp-json\/wp\/v2\/categories?post=3542"},{"taxonomy":"post_tag","embeddable":true,"href":"https:\/\/vfl-zehlendorf.de\/wp-json\/wp\/v2\/tags?post=3542"}],"curies":[{"name":"wp","href":"https:\/\/api.w.org\/{rel}","templated":true}]}}