{"id":3681,"date":"2025-09-27T14:09:06","date_gmt":"2025-09-27T12:09:06","guid":{"rendered":"https:\/\/vfl-zehlendorf.de\/?p=3681"},"modified":"2026-04-16T16:44:58","modified_gmt":"2026-04-16T14:44:58","slug":"ehrung-fuer-dietmar-strack","status":"publish","type":"post","link":"https:\/\/vfl-zehlendorf.de\/allgemein\/ehrung-fuer-dietmar-strack\/","title":{"rendered":"Ehrung f\u00fcr Dietmar Strack"},"content":{"rendered":"\n<p>Am 24.09.2025 wurde der 83 j\u00e4hrige Dietmar Strack (5.Dan Judo, Trainer beim VfL Zehlendorf) bei dem von ihm ins Leben gerufenen Training \u201eFallen f\u00fcr \u00c4ltere\u201c, w\u00e4hrend des Trainings in der Sporthalle vom Heinz-Berggruen-Gymnasium in Berlin Charlottenburg aufgesucht.<\/p>\n\n\n\n<p class=\"has-text-align-center\"><strong>Ihm wurde dann die Auszeichnung vom JVB, die Ehrennadel in GOLD zusammen mit der Ehrenurkunde, \u00fcberreicht.<\/strong><\/p>\n\n\n\n<figure class=\"wp-block-gallery has-nested-images columns-default is-cropped wp-block-gallery-1 is-layout-flex wp-block-gallery-is-layout-flex\">\n<figure class=\"wp-block-image size-large\"><img decoding=\"async\" src=\"https:\/\/vfl-zehlendorf.de\/wp-content\/uploads\/2025\/09\/20250924_180102-2-462x1024.jpg\" alt=\"\"\/><\/figure>\n\n\n\n<figure class=\"wp-block-image size-large\"><img decoding=\"async\" src=\"https:\/\/vfl-zehlendorf.de\/wp-content\/uploads\/2025\/09\/20250924_182511-1-877x1024.jpg\" alt=\"\"\/><\/figure>\n\n\n\n<figure class=\"wp-block-image size-large\"><img decoding=\"async\" src=\"https:\/\/vfl-zehlendorf.de\/wp-content\/uploads\/2025\/09\/20250924_180133-661x1024.jpg\" alt=\"\"\/><\/figure>\n<\/figure>\n\n\n\n<p>&nbsp; &nbsp;&nbsp; &nbsp;<\/p>\n\n\n\n<p>Der sichtlich \u00fcberraschte Dietmar nahm die Auszeichnung nach der obligatorischen Laudatio im Beisein vom Manfred K\u00fcnstler (8.Dan Judo), dem J\u00f6rg B\u00fchler (1.Dan Judo) und seinen \u201eM\u00e4dels\u201c vom Judowart des VfL Zehlendorf (Udo Strohe, 2.Dan Judo) entgegen.<\/p>\n\n\n\n<p>Am 27.03.1965 legte der Dietmar seine Pr\u00fcfung zum \u201eGelb-Gurt\u201c ab, am 10.01.1970 folgte dann schon der 1.Dan. Er baute u.a. die Judoabteilung vom VfL Zehlendorf mit auf, war beim WuF (Werfen und Fallen) an der TU aktiv und rief das Fallen f\u00fcr \u00c4ltere ins Leben.<\/p>\n\n\n\n<p>Dietmar weiter so und herzlichen Gl\u00fcckwunsch!!<\/p>\n\n\n\n<figure class=\"wp-block-image aligncenter size-large\"><img decoding=\"async\" src=\"https:\/\/vfl-zehlendorf.de\/wp-content\/uploads\/2025\/09\/20250924_180402-1-1024x563.jpg\" alt=\"\"\/><\/figure>\n\n\n\n<p><\/p>\n","protected":false},"excerpt":{"rendered":"<p>Am 24.09.2025 wurde der 83 j\u00e4hrige Dietmar Strack (5.Dan Judo, Trainer beim VfL Zehlendorf) bei dem von ihm ins Leben gerufenen Training \u201eFallen f\u00fcr \u00c4ltere\u201c, w\u00e4hrend des Trainings in der Sporthalle vom Heinz-Berggruen-Gymnasium in Berlin Charlottenburg aufgesucht. Ihm wurde dann die Auszeichnung vom JVB, die Ehrennadel in GOLD zusammen mit der Ehrenurkunde, \u00fcberreicht. &nbsp; &nbsp;&nbsp; [&hellip;]<\/p>\n","protected":false},"author":3,"featured_media":0,"comment_status":"closed","ping_status":"open","sticky":false,"template":"","format":"standard","meta":{"_acf_changed":false,"site-sidebar-layout":"default","site-content-layout":"","ast-site-content-layout":"default","site-content-style":"default","site-sidebar-style":"default","ast-global-header-display":"","ast-banner-title-visibility":"","ast-main-header-display":"","ast-hfb-above-header-display":"","ast-hfb-below-header-display":"","ast-hfb-mobile-header-display":"","site-post-title":"","ast-breadcrumbs-content":"","ast-featured-img":"","footer-sml-layout":"","ast-disable-related-posts":"","theme-transparent-header-meta":"","adv-header-id-meta":"","stick-header-meta":"","header-above-stick-meta":"","header-main-stick-meta":"","header-below-stick-meta":"","astra-migrate-meta-layouts":"default","ast-page-background-enabled":"default","ast-page-background-meta":{"desktop":{"background-color":"var(--ast-global-color-5)","background-image":"","background-repeat":"repeat","background-position":"center center","background-size":"auto","background-attachment":"scroll","background-type":"","background-media":"","overlay-type":"","overlay-color":"","overlay-opacity":"","overlay-gradient":""},"tablet":{"background-color":"","background-image":"","background-repeat":"repeat","background-position":"center center","background-size":"auto","background-attachment":"scroll","background-type":"","background-media":"","overlay-type":"","overlay-color":"","overlay-opacity":"","overlay-gradient":""},"mobile":{"background-color":"","background-image":"","background-repeat":"repeat","background-position":"center center","background-size":"auto","background-attachment":"scroll","background-type":"","background-media":"","overlay-type":"","overlay-color":"","overlay-opacity":"","overlay-gradient":""}},"ast-content-background-meta":{"desktop":{"background-color":"var(--ast-global-color-4)","background-image":"","background-repeat":"repeat","background-position":"center center","background-size":"auto","background-attachment":"scroll","background-type":"","background-media":"","overlay-type":"","overlay-color":"","overlay-opacity":"","overlay-gradient":""},"tablet":{"background-color":"var(--ast-global-color-4)","background-image":"","background-repeat":"repeat","background-position":"center center","background-size":"auto","background-attachment":"scroll","background-type":"","background-media":"","overlay-type":"","overlay-color":"","overlay-opacity":"","overlay-gradient":""},"mobile":{"background-color":"var(--ast-global-color-4)","background-image":"","background-repeat":"repeat","background-position":"center center","background-size":"auto","background-attachment":"scroll","background-type":"","background-media":"","overlay-type":"","overlay-color":"","overlay-opacity":"","overlay-gradient":""}},"_jetpack_memberships_contains_paid_content":false,"footnotes":"","_links_to":"","_links_to_target":""},"categories":[1],"tags":[],"class_list":["post-3681","post","type-post","status-publish","format-standard","hentry","category-allgemein"],"acf":[],"jetpack_featured_media_url":"","jetpack_sharing_enabled":true,"publishpress_future_action":{"enabled":false,"date":"2026-05-08 02:02:41","action":"change-status","newStatus":"draft","terms":[],"taxonomy":"category","extraData":[]},"publishpress_future_workflow_manual_trigger":{"enabledWorkflows":[]},"_links":{"self":[{"href":"https:\/\/vfl-zehlendorf.de\/wp-json\/wp\/v2\/posts\/3681","targetHints":{"allow":["GET"]}}],"collection":[{"href":"https:\/\/vfl-zehlendorf.de\/wp-json\/wp\/v2\/posts"}],"about":[{"href":"https:\/\/vfl-zehlendorf.de\/wp-json\/wp\/v2\/types\/post"}],"author":[{"embeddable":true,"href":"https:\/\/vfl-zehlendorf.de\/wp-json\/wp\/v2\/users\/3"}],"replies":[{"embeddable":true,"href":"https:\/\/vfl-zehlendorf.de\/wp-json\/wp\/v2\/comments?post=3681"}],"version-history":[{"count":3,"href":"https:\/\/vfl-zehlendorf.de\/wp-json\/wp\/v2\/posts\/3681\/revisions"}],"predecessor-version":[{"id":4059,"href":"https:\/\/vfl-zehlendorf.de\/wp-json\/wp\/v2\/posts\/3681\/revisions\/4059"}],"wp:attachment":[{"href":"https:\/\/vfl-zehlendorf.de\/wp-json\/wp\/v2\/media?parent=3681"}],"wp:term":[{"taxonomy":"category","embeddable":true,"href":"https:\/\/vfl-zehlendorf.de\/wp-json\/wp\/v2\/categories?post=3681"},{"taxonomy":"post_tag","embeddable":true,"href":"https:\/\/vfl-zehlendorf.de\/wp-json\/wp\/v2\/tags?post=3681"}],"curies":[{"name":"wp","href":"https:\/\/api.w.org\/{rel}","templated":true}]}}